{"id":57,"date":"2008-05-08T13:36:49","date_gmt":"2008-05-08T11:36:49","guid":{"rendered":"http:\/\/teeweg.de\/blog\/?p=57"},"modified":"2016-01-12T16:23:23","modified_gmt":"2016-01-12T15:23:23","slug":"holderlin-is-it-vruckt-gwehn","status":"publish","type":"post","link":"https:\/\/www.teeweg.de\/blog\/holderlin-is-it-vruckt-gwehn\/","title":{"rendered":"H\u00f6lderlin is it vruckt gwehn!"},"content":{"rendered":"<p>H\u00f6lderlin is it vruckt gwehn!  Ich bin schon lange nicht mehr in T\u00fcbingen gewesen, um den H\u00f6lderlinturm zu besuchen. Im Internet habe ich ein Bild gefunden bei den <a href=\"http:\/\/www.tuepps.de\/stocherkahn.html\">Stocherk\u00e4hnen aus T\u00fcbingen<\/a>.<\/p>\n<div style=\"text-align: center;\"><img loading=\"lazy\" decoding=\"async\" src=\"http:\/\/teeweg.de\/graphik\/varia\/hoelderlin-Turm.jpg\" border=\"0\" alt=\"http:\/\/www.tuepps.de\/stocherkahn.html\" width=\"500\" height=\"377\" \/><\/div>\n<p>Man sieht das gelbe Haus des Schreinermeisters Zimmern, der H\u00f6lderlin beherbergt und gepflegt hat. H\u00f6lderlins Zimmer war oben im Turm, von wo aus er einen wunderbaren Blick \u00fcber den Neckar und die damals noch unverbauten Berge gegen\u00fcber hatte. Dort war der &#8222;wahnsinnige&#8220; Dichter laut rufend in seinem Zimmer hin und her gerannt, so dass der arme Schreinermeister, damit endlich Ruhe einkehre, dem Dichte alles beschreibbare Papier und die Federn wegnahm. Nur dann war der Dichter still.<\/p>\n<p>Kein Wunder. H\u00f6lderlin hatte schon in seiner Zeit im Stift seine Zimmernachbarn schier zum Wahnsinn getrieben. Wenn er Gedichte schrieb, so musste er immer laut schreiend und gestikulierend mit gewaltigen Schritten im Zimmer auf\tund ab gehen. Nur so konnte er den Rhythmus der Sprache mit seinem K\u00f6rper erleben.<\/p>\n<p>Hat H\u00f6lderlin etwa im Turm noch gedichtet? Waiblinger schreibt ja von Phaeton &#8211; H\u00f6lderlin:<\/p>\n<p>Alles, was er bekommen konnte von Papier, \u00fcberschrieb er in dieser Zeit. Hier sind einige Bl\u00e4tter aus seinen Papieren, die zugleich einen tiefen Blick in den schrecklichen Zustand seines verwirrten Gem\u00fctes geben. In der Urschrift sind sie abgeteilt wie Verse nach pindarischer Weise.<\/p>\n<p>Als ich das letzt mal den Turm besuchte, hatte jemand mit einer Spr\u00fchdose an die Wand des Turmes geschrieben:<\/p>\n<p><strong>H\u00f6lderlin is it vruckt gwehn!<\/strong><\/p>\n<p>Naja, verr\u00fcckt im Sinne von wahnsinnig war er wohl nicht. Aber ver &#8211; r\u00fcckt war er schon. Wer solche Texte wie &#8222;In lieblicher Bl\u00e4ue&#8220; schreiben kann &#8211; vielleicht auch wer so etwas interpretiert oder sogar schon wer sowas liest, der muss schon ein wenig ver &#8211; r\u00fcckt sein, verr\u00fcckt aus dem allt\u00e4glichen Leben, das nur lauter M\u00fche ist. Darf, wenn lauter M\u00fche das Leben ein Mensch aufschauen und sagen: so will ich auch sein? Das ist doch ver-r\u00fcckt? Oder?<\/p>\n<p>Oh du mein Schreck! Was ist denn das f\u00fcr ein hohes Geb\u00e4ude im Hintergrund?<br \/>\nDas war einmal die ber\u00fchmte Authenrietsche Klinik, in der H\u00f6lderlin mit der autenrietschen Maske behandelt worden ist.<\/p>\n<p>Der Herr Doktor Authenrieth hatte dieses wunderbare medizinische Hilfsmittel erfunden, um Tobsuchtsanf\u00e4lle seiner Patienten zu behandeln. Die Maske war eine Zwangsjacke, in die man den &#8222;Patienten&#8220; einschn\u00fcrte. Weil die dann aber oft so laut schreien, dass der Herr Doktor f\u00fcrchterlich bei seiner Arbeit gest\u00f6rt wurde, erg\u00e4nzte er die Zwangsjacke mit einem Lederknebel, der dem Patienten in den Mund auf die Zunge geschoben und dann ganz fest verschn\u00fcrt wurde. Interessanterweise waren dann die Patienten nach ein paar Tagen der Behandlung ganz still.<br \/>\nDas ist wahrer medizinischer Fortschritt!<br \/>\nUn dieses Geb\u00c3\u00a4ude hatte der arme H\u00f6lderlin stets im Nacken!<\/p>\n<div class=\"thanks_button_div\" \n                  style=\"float: left; margin-left: 0px;\"><div id=\"thanksButtonDiv_57_1\" style=\"background-image:url(http:\/\/www.teeweg.de\/blog\/wp-content\/plugins\/thanks-you-counter-button\/images\/thanks_large_blue.png); background-repeat:no-repeat; float: left; display: inline;\"\n                onmouseover=\"javascript:thankYouChangeButtonImage('thanksButtonDiv_57_1', true);\" \n                onmouseout=\"javascript:thankYouChangeButtonImage('thanksButtonDiv_57_1', false);\"\n                onclick=\"javascript:thankYouChangeButtonImage('thanksButtonDiv_57_1', false);\" >\n                <input type=\"button\" onclick=\"thankYouButtonClick(57, 'You left &ldquo;Thanks&rdquo; already for this post')\" value=\"Danke 1\"\n                  class=\"thanks_button thanks_large thanks_blue\"\n                  style=\"  font-family: Verdana, Arial, Sans-Serif; font-size: 14px; font-weight: normal;; color:#39b778;\"\n                  id=\"thanksButton_57_1\" title=\"Click to leave &ldquo;Thanks&rdquo; for this post\"\/>\n             <\/div><div id=\"ajax_loader_57_1\" style=\"display:inline;visibility: hidden;\"><img decoding=\"async\" alt=\"ajax loader\" src=\"http:\/\/www.teeweg.de\/blog\/wp-content\/plugins\/thanks-you-counter-button\/images\/ajax-loader.gif\" \/><\/div><\/div><div id=\"wp_fb_like_button\" style=\"margin:5px 5px 5px 0;float:left;height:100px;\"><script src=\"http:\/\/connect.facebook.net\/en_US\/all.js#xfbml=1\"><\/script><fb:like href=\"https:\/\/www.teeweg.de\/blog\/holderlin-is-it-vruckt-gwehn\/\" send=\"false\" layout=\"standard\" width=\"450\" show_faces=\"false\" font=\"arial\" action=\"like\" colorscheme=\"light\"><\/fb:like><\/div>","protected":false},"excerpt":{"rendered":"<p>H\u00f6lderlin is it vruckt gwehn! Ich bin schon lange nicht mehr in T\u00fcbingen gewesen, um den H\u00f6lderlinturm zu besuchen. Im Internet habe ich ein Bild gefunden bei den Stocherk\u00e4hnen aus T\u00fcbingen. Man sieht das gelbe Haus des Schreinermeisters Zimmern, der &hellip; <a href=\"https:\/\/www.teeweg.de\/blog\/holderlin-is-it-vruckt-gwehn\/\">Weiterlesen <span class=\"meta-nav\">&rarr;<\/span><\/a><\/p>\n","protected":false},"author":278,"featured_media":0,"comment_status":"open","ping_status":"open","sticky":false,"template":"","format":"standard","meta":{"_bbp_topic_count":0,"_bbp_reply_count":0,"_bbp_total_topic_count":0,"_bbp_total_reply_count":0,"_bbp_voice_count":0,"_bbp_anonymous_reply_count":0,"_bbp_topic_count_hidden":0,"_bbp_reply_count_hidden":0,"_bbp_forum_subforum_count":0,"ngg_post_thumbnail":0,"footnotes":""},"categories":[1,6,14,5],"tags":[],"class_list":["post-57","post","type-post","status-publish","format-standard","hentry","category-allgemein","category-dichtung-und-philosophie","category-hoelderlin","category-philosophie"],"aioseo_notices":[],"_links":{"self":[{"href":"https:\/\/www.teeweg.de\/blog\/wp-json\/wp\/v2\/posts\/57","targetHints":{"allow":["GET"]}}],"collection":[{"href":"https:\/\/www.teeweg.de\/blog\/wp-json\/wp\/v2\/posts"}],"about":[{"href":"https:\/\/www.teeweg.de\/blog\/wp-json\/wp\/v2\/types\/post"}],"author":[{"embeddable":true,"href":"https:\/\/www.teeweg.de\/blog\/wp-json\/wp\/v2\/users\/278"}],"replies":[{"embeddable":true,"href":"https:\/\/www.teeweg.de\/blog\/wp-json\/wp\/v2\/comments?post=57"}],"version-history":[{"count":1,"href":"https:\/\/www.teeweg.de\/blog\/wp-json\/wp\/v2\/posts\/57\/revisions"}],"predecessor-version":[{"id":3254,"href":"https:\/\/www.teeweg.de\/blog\/wp-json\/wp\/v2\/posts\/57\/revisions\/3254"}],"wp:attachment":[{"href":"https:\/\/www.teeweg.de\/blog\/wp-json\/wp\/v2\/media?parent=57"}],"wp:term":[{"taxonomy":"category","embeddable":true,"href":"https:\/\/www.teeweg.de\/blog\/wp-json\/wp\/v2\/categories?post=57"},{"taxonomy":"post_tag","embeddable":true,"href":"https:\/\/www.teeweg.de\/blog\/wp-json\/wp\/v2\/tags?post=57"}],"curies":[{"name":"wp","href":"https:\/\/api.w.org\/{rel}","templated":true}]}}