{"id":3432,"date":"2016-05-10T09:14:04","date_gmt":"2016-05-10T08:14:04","guid":{"rendered":"http:\/\/www.teeweg.de\/blog\/?p=3432"},"modified":"2016-06-29T14:45:05","modified_gmt":"2016-06-29T13:45:05","slug":"veranstaltungen-uebersicht","status":"publish","type":"post","link":"https:\/\/www.teeweg.de\/blog\/veranstaltungen-uebersicht\/","title":{"rendered":"Veranstaltungen: \u00dcbersicht"},"content":{"rendered":"<p>Aktuelle Veranstaltungen: <a href=\"http:\/\/www.teeweg.de\/blog\/veranstaltungen-aktuell\/\">\u00dcbericht<\/a><\/p>\n<p><a href=\"#tee\">Teeweg<\/a> \u23aa <a href=\"#tee\">Zen Shakuhachi<\/a> \u23aa <a href=\"#meditation\">Zen-Meditation<\/a> \u23aa <a href=\"#philosophie\">Philosophie \/ Literatur<\/a> \u23aa <a href=\"#benediktus\">Benediktushof<\/a> \u23aa <a href=\"#konzerte\">Konzerte<\/a> \u23aa <a href=\"#reisen\">Reisen<\/a> \u23aa<a href=\"#ausstellungen\">Ausstellungen<\/a> \u23aa <a href=\"#gaeste\">G\u00e4ste<\/a> \u23aa <a href=\"#top\">nach oben<\/a> \u23aa <a href=\"http:\/\/www.teeweg.de\/blog\/veranstaltungen\/kalender\/\" target=\"_blank\">Kalender<\/a> \u23aa<br \/>\n<a href=\"..\/de\/index.html\" target=\"_blank\">home<\/a><\/p>\n<ul>\n<strong>Teeweg \/ Shakuhachi \/ Meditation<\/strong><\/p>\n<li><strong>Teeweg<\/strong><br \/>\n   Unterricht oder Vorf\u00fchrungen nach Absprache<\/li>\n<li><strong>Zen Shakuhachi<\/strong><br \/>\nUnterricht, auch \u00fcber Skype nach Absprache.<\/li>\n<li><strong>Zen &#8211; Meditation<\/strong><br \/>\n<strong> Donnerstag 19.00 Uhr <\/strong>Dauer ca 90 min. Telefonische Anmeldung erbeten.<\/li>\n<p>\n<a name=\"philosophie\"> <\/a><br \/>\n<strong>Philosophie im Museum<\/strong><\/p>\n<li><strong>Philosophie Ostasiens 1 \u2013 Chinesischer Daoismus \/ Zhuangzi<\/strong><\/li>\n<li><strong>Philosophie Ostasiens \u2013 Chinesischer Daoismus \/ Laotse und das Daodejing<\/strong><\/li>\n<li><strong>Buddhismus heute: Japan &#8211; Buddhismus und Shinto<\/strong><\/li>\n<p>Termine und Anmeldung im Museum der <a href=\"http:\/\/www.nhg-nuernberg.de\/main.php\">Naturhistorischen Gesellschaft N\u00fcrnberg<\/a><\/p>\n<\/ul>\n<p><a name=\"feuerberg\"> <\/a><\/p>\n<h2>Philosophie am Feuerberg<\/h2>\n<p>Vom 12. bis zum 19 Juni werde ich am Feuerberg in K\u00e4rnten ein Seminar \u00fcber \u201eH\u00f6lderlin und Zenmeister Dogen\u201c halten. Das wird eine erholsame Woche mitten in der Bergwelt K\u00e4rntens bei bestem Essen in der gastlichen Atmosph\u00e4re des Hotels Feuerberg Mountain Resort. In kleinen Runden treffen wir uns und diskutieren ganz entspannt \u00fcber H\u00f6lderlin und Zenmeister Dogen.<br \/>\nPraktische Meditations\u00fcbungen, Teezeremonien meditative Konzerte auf der Zen-Shakuhachi runden das Programm ab.<br \/>\nDerzeit entsteht am Feuerberg ein klassischer japanischer Teeraum im authentischen Stil. Zum Seminar wird der Teeraum bereits fertig sein.<br \/>\n<iframe loading=\"lazy\"  id=\"_ytid_16201\"  width=\"640\" height=\"360\"  data-origwidth=\"640\" data-origheight=\"360\" src=\"https:\/\/www.youtube.com\/embed\/CbSezEpSDNY?enablejsapi=1&autoplay=0&cc_load_policy=0&cc_lang_pref=&iv_load_policy=1&loop=0&rel=1&fs=1&playsinline=0&autohide=2&theme=dark&color=red&controls=1&\" class=\"__youtube_prefs__  no-lazyload\" title=\"YouTube player\"  allow=\"fullscreen; accelerometer; autoplay; clipboard-write; encrypted-media; gyroscope; picture-in-picture\" allowfullscreen data-no-lazy=\"1\" data-skipgform_ajax_framebjll=\"\"><\/iframe><br \/>\nEs bleibt gen\u00fcgend Zeit, die Wellness Angebote des Hotels oder kleinere Wanderungen in der Bergwelt zu genie\u00dfen.<br \/>\nAnmeldung im <a href=\"http:\/\/www.hotel-feuerberg.at\/\" target=\"_blank\">Hotel Feuerberg<\/a><\/p>\n<p><a name=\"benediktus\"> <\/a><\/p>\n<h1>Kurse im Benediktushof<\/h1>\n<h2>Zen &#8211; Klang &#8211; Stille<\/h2>\n<p>&#8222;Wenn wir lernen, mit dem Herzen zu h\u00f6ren, dann vernehmen wir die Stille und die Buddha-Natur in uns.&#8220;<br \/>\n(Zenmeister Dogen)<\/p>\n<p>Ein Wochenende, um tiefe Entspannung zu genie\u00dfen: Stille erfahren, Entschleunigung, sich selbst wahrnehmen,<br \/>\nzur inneren Balance gelangen.<\/p>\n<p>Wir finden dies in der Stille des Sitzens, in der Achtsamkeit und auch im H\u00f6ren. Die Kl\u00e4nge der Zen-Shakuhachi und von obertonreichen Instrumenten, wie Klangschalen und Gongs, laden ein, eine ganz andere Stille zu erfahren.<br \/>\nKlang schafft Raum in uns.<\/p>\n<p>\u00dcbungen zur Wahrnehmung, unterschiedliche Meditationen, achtsame oder dynamische Bewegungen, Rezitationen und eine Einf\u00fchrung ins Obertonsingen f\u00fchren auf den Weg vom Au\u00dfen in die innere Stille. Dazwischen genie\u00dfen wir immer wieder, im Sitzen oder Liegen, Phasen der Entspannung durch die Klanginstrumente.<\/p>\n<p>Es gibt ausreichend Gelegenheit, die Instrumente selbst auszuprobieren. Vortr\u00e4ge \u00fcber Zen, die Instrumente und deren Wirkungsweise liefern interessante Informationen.<\/p>\n<p><strong>Beginn: <\/strong> Freitag, 29.04.2016, um 18:00 Uhr<br \/>\n<strong>Ende: <\/strong> Sonntag, 01.05.2016, um 13:00 Uhr<br \/>\nKursdauer: 3 Tage<br \/>\nKursgeb\u00fchr: \u20ac 270,00 pro Person zzgl. Kosten f\u00fcr Unterk.\/Verpfl.<\/p>\n<p>Anmeldung <a href=\"http:\/\/www.benediktushof-holzkirchen.de\/kursprogramm\/gesamtuebersicht-2016.html?detail=MTZTQjA0\" target=\"_blank\">im Benediktushof <\/a><\/p>\n<p><a href=\"#tee\">Teeweg<\/a> \u23aa <a href=\"#tee\">Zen Shakuhachi<\/a> \u23aa <a href=\"#meditation\">Zen-Meditation<\/a> \u23aa <a href=\"#philosophie\">Philosophie \/ Literatur<\/a> \u23aa <a href=\"#benediktus\">Benediktushof<\/a> \u23aa <a href=\"#konzerte\">Konzerte<\/a> \u23aa <a href=\"#reisen\">Reisen<\/a> \u23aa<a href=\"#ausstellungen\">Ausstellungen<\/a> \u23aa <a href=\"#gaeste\">G\u00e4ste<\/a> \u23aa <a href=\"#top\">nach oben<\/a><\/p>\n<p><a href=\"http:\/\/www.teeweg.de\/blog\/?page_id=3380\" target=\"_blank\">Kontakt<\/a><\/p>\n<h2>Haiku und Zen<\/h2>\n<p>Der japanische Dichter Basho formte im 17. Jahrhundert aus der alten Form der Renga-Dichtung die Kurzform des Haiku, ein Ausdruck des Zengeistes. Traditionell sind Haiku Naturgedichte: &#8222;Der Sprung eines Frosches, die bunte Sommerwiese, das fallende Blatt.&#8220;<\/p>\n<p>Ein Haiku ist immer konkret. Es gibt einen Augenblick wieder, der mit den Sinnen wahrgenommen wurde, und teilt diesen mit dem Leser, ohne ihn zu kommentieren. Erst der Leser vollendet das Gedicht, indem er seine Gef\u00fchle und Assoziationen dazu entfaltet. Ein Haiku zu verfassen hei\u00dft, eine Knospe hervorzubringen; ein Haiku zu lesen bedeutet, die Knospe zur Bl\u00fcte zu entfalten.<br \/>\nUm ein Haiku zu finden, ist eine Haltung der Achtsamkeit erforderlich, mit der die Natur und der Augenblick wahr genommen und in eine literarische Form gebracht wird.<br \/>\nEin Haiku muss nicht das Werk eines einzelnen Schreibers sein. Das gemeinsame Schreiben, Pr\u00fcfen, \u00c4ndern und wieder Vortragen ist eine intensive Form, die Natur und den Augenblick zu erleben und im Gedicht zu fassen.<\/p>\n<p>Im Kurs lernen wir ausgew\u00e4hlte Beispiele von Haiku aus der japanischen Tradition kennen. Gemeinsam werden wir versuchen, erste Schritte im Schreiben von Haiku zu gehen und an den Haiku zu arbeiten. Um unsere Wahrnehmung zu schulen, werden wir regelm\u00e4\u00dfig im Stil des Zen meditieren, mit Kl\u00e4ngen, Obertonges\u00e4ngen und Rezitationen arbeiten und bei Spazierg\u00e4ngen allein oder in der Gruppe Haiku schreiben, h\u00f6ren und ver\u00e4ndern.<\/p>\n<p>Es sind keine Vorkenntnisse erforderlich. Jeder kann aus der Stille und dem Augenblick Haiku verfassen. Wer will, kann einen Skizzenblock oder einen Fotoapparat mitbringen, um die Haiku auch bildhaft zu gestalten.\t<\/p>\n<p><strong>Beginn: <\/strong>   Freitag, 15.07.2016, um 18:00 Uhr<br \/>\n<strong>Ende: <\/strong>      Sonntag, 17.07.2016, um 13:00 Uhr<br \/>\nKursdauer:     3 Tage<br \/>\nKursgeb\u00fchr:   \u20ac 105,00  pro Person zzgl. Kosten f\u00fcr Unterk.\/Verpfl.<\/p>\n<p>Anmeldung im<a href=\"http:\/\/www.benediktushof-holzkirchen.de\/kursprogramm\/kurssuche.html?jahr=2016&#038;monat=&#038;word=&#038;word2=&#038;ktitel=&#038;int=&#038;subint=&#038;ti=&#038;kleiter=&#038;detail=MTZTQjAz\" target=\"_blank\"> Benediktushof<\/a><\/p>\n<h2>Tee und Zen &#8211; Ein Geschmack<\/h2>\n<p>Der japanische Teeweg ist ein alter Weg des Zen und der Achtsamkeit. Aus einem System von Regeln ergeben sich ganz nat\u00fcrlich achtsame Handlungen der Teebereitung. So wird der Teeweg zu einer Meditation in Bewegung, bei der K\u00f6rper, Geist und Atmung eine Einheit werden und Gast und Gastgeber in tiefer Harmonie verbunden sind.<\/p>\n<p>Die \u00dcbungen des Teeweges schenken eine unvergleichliche Stille und inneren Frieden und verwandeln den Alltag in eine \u00dcbungsst\u00e4tte. Wir werden &#8211; aus dem Geist des Zen &#8211; K\u00f6rper- und Atem\u00fcbungen, die achtsame Ausf\u00fchrung von scheinbar allt\u00e4glichen Handlungen und verschiedene Meditationen (u.a. zur Shakuhachi-Fl\u00f6te) kennenlernen.<\/p>\n<p>Der Schwerpunkt liegt auf den Wegen in die Stille und Achtsamkeit. In Gespr\u00e4chen werden aber auch die historischen und geistigen Hintergr\u00fcnde des Teeweges vermittelt. Wir lernen die Formen des Teeweges (Tenmae) je nach Kenntnisstand der Teilnehmer. Fortgeschrittene k\u00f6nnen neben dem Unterricht zus\u00e4tzlich mit Anf\u00e4ngern kleinere \u00dcbungen der Teewegformen unter Aufsicht durchf\u00fchren.<br \/>\nBei regelm\u00e4\u00dfiger Teilnahme k\u00f6nnen Zertifikate erworben werden.<br \/>\n\u00dcbungsmaterial (ca. \u0080 60) kann im Kurs erworben werden. Material wie der japanische Pulvertee Matcha nach Verbrauch.\t<\/p>\n<p><strong>Beginn:<\/strong>    Sonntag, 13.11.2016, um 18:00 Uhr<br \/>\n<strong>Ende: <\/strong>      Dienstag, 15.11.2016, um 13:00 Uhr<br \/>\nKursdauer:     3 Tage\t<\/p>\n<p>Kursgeb\u00fchr:   \u20ac 170,00  pro Person zzgl. Kosten f\u00fcr Unterk.\/Verpfl.<\/p>\n<p>Anmeldung im <a href=\"http:\/\/www.benediktushof-holzkirchen.de\/kursprogramm\/kurssuche.html?jahr=2016&#038;monat=&#038;word=&#038;word2=&#038;ktitel=&#038;int=&#038;subint=&#038;ti=&#038;kleiter=&#038;detail=MTZTQjAy\" target=\"_blank\">Benediktushof<\/a><\/p>\n<p><a name=\"konzerte\"> <\/a><br \/>\n<a href=\"http:\/\/www.teeweg.de\/blog\/?page_id=3380\" target=\"_blank\">Kontakt<\/a><\/p>\n<p><a href=\"#tee\">Teeweg<\/a> \u23aa <a href=\"#tee\">Zen Shakuhachi<\/a> \u23aa <a href=\"#meditation\">Zen-Meditation<\/a> \u23aa <a href=\"#philosophie\">Philosophie \/ Literatur<\/a> \u23aa <a href=\"#benediktus\">Benediktushof<\/a> \u23aa <a href=\"#konzerte\">Konzerte<\/a> \u23aa <a href=\"#reisen\">Reisen<\/a> \u23aa<a href=\"#ausstellungen\">Ausstellungen<\/a> \u23aa <a href=\"#gaeste\">G\u00e4ste<\/a> \u23aa <a href=\"#top\">nach oben<\/a><\/p>\n<h1>Konzerte<\/h1>\n<h2> Drachengesang in Eschenau: Hanami<\/h2>\n<p>Im Rahmen der Japantage in der Mehrzweckhalle in Eckental \/ Eschenau findet ein Konzert der Gruppe <a href=\"http:\/\/myoshinan.com\/honya\/?p=267\" target=\"_blank\">&#8222;Drachengesang&#8220;<\/a> statt.<br \/>\nKonzertbeginn ist nach der Schlie\u00dfung der Ausstellung in der Haupthalle. Eintrittskarten an der Abendkasse oder im Vorverkauf.<br \/>\nSamstag 07.Mai 2016<br \/>\nBeginn: 18.30 Uhr<br \/>\nEnde ca. 19.30 Uhr<\/p>\n<h2>Drachengesang: Wakaba<\/h2>\n<h3>Pfingstkonzert im Myoshinan &#8211; Matinee<\/h3>\n<p>Gruppe <a href=\"http:\/\/myoshinan.com\/honya\/?p=267\" target=\"_blank\">&#8222;Drachengesang&#8220;<\/a><br \/>\nPfingstsonntag, den 15. Mai 2016<br \/>\nBeginn:  19.00 Uhr<br \/>\nEnde ca. 21.30 Uhr<br \/>\nIn der Pause Getr\u00e4nke und kleine Leckereien.<br \/>\nErm\u00e4\u00dfigte Eintrittskarten im Vorverkauf <\/p>\n<p><a href=\"http:\/\/www.teeweg.de\/blog\/?page_id=3380\" target=\"_blank\">Kontakt<\/a><br \/>\n<a name=\"blueten\"> <\/a><\/p>\n<h2>Bl\u00fcten und Einsichten: Meditationen zur Zen-Shakuhachi<\/h2>\n<h3>Konzert mit Shakuhachi und meditativen Texten<\/h3>\n<p><img loading=\"lazy\" decoding=\"async\" src=\"http:\/\/www.teeweg.de\/blog\/wp-content\/uploads\/shaka-blume.jpg\" alt=\"shaka-blume\" width=\"150\" height=\"224\" class=\"alignright size-full wp-image-3649\" \/><br \/>\nEin besinnliches Meditations-Konzert mit der traditionellen Shakuhachi nach der Tradition des Ichoken Zen &#8211; Tempels in Hakata, Japan.<br \/>\nJahrhunderte alte Tradition der Zenm\u00f6nche mit Shakuhachi Musik als Meditation<br \/>\nGerhardt Staufenbiel, Shakuhachi \/ <a href=\"http:\/\/atmen-und-sein.com\/\">Carola Catoni<\/a>, Texte<br \/>\nTeehaus Myoshinan<br \/>\nSamstag 23. Juli 2016<br \/>\nBeginn: 19.00 Uhr<br \/>\nEnde gegen 21.30 Uhr<br \/>\nEintritt 15,- \u20ac<br \/>\nIm Vorverkauf 12,- \u20ac<\/p>\n<h2>Tanabata: Drachengesang und Andere<\/h2>\n<p>Wir feiern nach der Tradition des Myoshinan gemeinsam das Tanabata Fest, das Sternenfest, das zugleich das Fest der Liebenden ist.<br \/>\nIn einem bunten und lockeren Programm gibt es wie in jedem Jahr Musik, Vorf\u00fchrungen des Schwertweges, von Gongs und Klangschalen, Qigong usw. Die Gruppe Drachengesang wird mit musikalischen Schmankerln aus Japan mehrmals auftreten.<br \/>\nAm Ende des Festes schreiben wir traditionell unsere W\u00fcnsche auf einen Zettel und verbrennen sie im Feuer.So werden sie zum Himmel getragen!<\/p>\n<p>Besucher sind zu eigenen Beitr\u00e4gen eingeladen. Bitte vorher eine kleine Information, damit ein lockerer Zeitplan erstellt werden kann.<\/p>\n<p>F\u00fcr Essen und Getr\u00e4nke ist gesorgt.<\/p>\n<p>Unkostenbeitrag 10,- \u20ac<br \/>\n<b>Termin:<\/b> Samstag 9.Junli 2016<br \/>\n<b>Beginn:<\/b> ca. 15.00 Uhr<br \/>\n<b>Ende:<\/b>gegen 23.00 Uhr <\/p>\n<p><a href=\"http:\/\/www.teeweg.de\/blog\/?page_id=3380\" target=\"_blank\">Kontakt<\/a><\/p>\n<p>Teeweg \u23aa <a href=\"#tee\">Zen Shakuhachi<\/a> \u23aa <a href=\"#meditation\">Zen-Meditation<\/a> \u23aa <a href=\"#philosophie\">Philosophie \/ Literatur<\/a> \u23aa <a href=\"#benediktus\">Benediktushof<\/a> \u23aa <a href=\"#konzerte\">Konzerte<\/a> \u23aa <a href=\"#top\">nach oben<\/a><\/p>\n<h2>Drachengesang: Herbstkonzert<\/h2>\n<p>Zum Ende der Saison ein letztes Konzert der Gruppe Drachengesang im Myoshinan.<\/p>\n<p>Samstag 22. Oktober 2016<br \/>\nBeginn: 18.00 Uhr<\/p>\n<p>Erm\u00e4\u00dfigte Eintrittskarten im Vorverkauf.<br \/>\n<a name=\"reisen\"> <\/a><\/p>\n<h1>Reisen<\/h1>\n<h2>Japan zur Kirschbl\u00fcte<\/h2>\n<p>Schwerpunkt der Reise sind die beiden alten Kaiserst\u00e4dte Kyoto und Nara und deren Umgebung.<br \/>\nApril 2016<br \/>\nLeider ausgebucht.<br \/>\nAnfragen zu einer Reise im November zur Lauff\u00e4rbung sind m\u00f6glich.<\/p>\n<h2>Philosophie im Feuerberg \/ K\u00e4rnten<\/h2>\n<p>Ferien, philosophische Gespr\u00e4che und Meditation in der wunderbaren Atmosph\u00e4re des Feuerberg Hotels in K\u00e4rnten.<br \/>\nN\u00e4heres <a href=\"#feuerberg\">HIER<\/a><\/p>\n<p><a name=\"ausstellungen\"> <\/a><\/p>\n<h1>Ausstellungen<\/p>\n<h2>Japanfest in Eschenau<\/h2>\n<p>Gemeinsam mit den Bonsaifreunden Eckental e.V. veranstalten wir auch in diesem Jahr wieder das traditionelle <a href=\"http:\/\/www.bonsaifreunde-eckental.de\/styled-15\/styled-17\/\" target=\"_blank\">Japanfest<\/a> mit einem reichhaltigen und bunten Programm.<br \/>\nTermin: Samstag 7. Mai 2016 und Sonntag 8.Mai 2016<\/p>\n<p><a name=\"gaeste\"> <\/a><br \/>\n<\/h1>\n<h1>G\u00e4ste<\/h1>\n<h2>Qigong<\/h2>\n<p>Qigong Seminar mit <a href=\"http:\/\/www.qigong-grob.de\/angebote.html\" target=\"_blank\">Cornelia Grob<\/a><\/p>\n<p><strong>Intensivtag am 04.06.2016<\/strong><br \/>\nAnmeldung \u00fcber <a href=\"http:\/\/www.qigong-grob.de\/angebote.html\" target=\"_blank\">Cornelia Grob<\/a><\/p>\n<p><a href=\"#tee\">Teeweg<\/a> \u23aa <a href=\"#tee\">Zen Shakuhachi<\/a> \u23aa <a href=\"#meditation\">Zen-Meditation<\/a> \u23aa <a href=\"#philosophie\">Philosophie \/ Literatur<\/a> \u23aa <a href=\"#benediktus\">Benediktushof<\/a> \u23aa <a href=\"#konzerte\">Konzerte<\/a> \u23aa <a href=\"#reisen\">Reisen<\/a> \u23aa<a href=\"#ausstellungen\">Ausstellungen<\/a> \u23aa <a href=\"#gaeste\">G\u00e4ste<\/a> \u23aa <a href=\"#top\">nach oben<\/a><\/p>\n<p><a name=\"tee\"> <\/a><\/p>\n<h2>Unterricht<\/h2>\n<h3>Teeweg<\/h3>\n<p>Unterricht oder Vorf\u00fchrungen im Teeweg finden jederzeit nach Absprache statt.<br \/>\nUnterricht im Teeweg kann auch als Intensiv Block oder als Einzelunterricht gebucht werden.<br \/>\n<a href=\"http:\/\/www.teeweg.de\/blog\/kontaktformular\/\">Kontakt und Anfrage<\/a><br \/>\n<a name=\"shaku\"> <\/a><\/p>\n<h3>Zen Shakuhachi<\/h3>\n<p>Unterricht in Zen Shakuhachi jederzeit nach Absprache.<br \/>\nEs ist auch m\u00f6glich, Fernunterricht \u00fcber skype oder facetime zu vereinbaren.<br \/>\nBei Bedarf kann ich auch eine Shakuhachi mit chinesischem Qualit\u00e4tsbambus bauen.<br \/>\n<a href=\"http:\/\/www.teeweg.de\/blog\/kontaktformular\/\">Kontakt und Anfrage<\/a><\/p>\n<p><a name=\"meditation\"> <\/a><\/p>\n<h2>Zen &#8211; Klang &#8211; Stille<\/h2>\n<p>&#8222;Wenn wir lernen, mit dem Herzen zu h\u00f6ren, dann vernehmen wir die Stille und die Buddha-Natur in uns.&#8220;<br \/>\n(Zenmeister Dogen)<br \/>\nEin Wochenende, um tiefe Entspannung zu genie\u00dfen: Stille erfahren, Entschleunigung, sich selbst wahrnehmen,<br \/>\nzur inneren Balance gelangen.<br \/>\nWir finden dies in der Stille des Sitzens, in der Achtsamkeit und auch im H\u00f6ren. Die Kl\u00e4nge der Zen-Shakuhachi und von obertonreichen Instrumenten, wie Klangschalen und Gongs, laden ein, eine ganz andere Stille zu erfahren.<br \/>\nKlang schafft Raum in uns.<br \/>\n\u00dcbungen zur Wahrnehmung, unterschiedliche Meditationen, achtsame oder dynamische Bewegungen, Rezitationen und eine Einf\u00fchrung ins Obertonsingen f\u00fchren auf den Weg vom Au\u00dfen in die innere Stille. Dazwischen genie\u00dfen wir immer wieder, im Sitzen oder Liegen, Phasen der Entspannung durch die Klanginstrumente.<br \/>\nEs gibt ausreichend Gelegenheit, die Instrumente selbst auszuprobieren. Vortr\u00e4ge \u00fcber Zen, die Instrumente und deren Wirkungsweise liefern interessante Informationen.<\/p>\n<p><strong>Samstag 25. Juni 2016<\/strong><br \/>\nTeehaus Myoshinan<br \/>\nWinfried Lernet \/ Gerhardt Staufenbiel<\/p>\n<h3>Zen Meditation<\/h3>\n<p>Regelm\u00e4\u00dfig am Donnerstag ab 19.00 Uhr findet Zenmeditation in der Gruppe statt. Teilnahme ist f\u00fcr jeden Interessierten m\u00f6glich.<br \/>\nAnmeldung erbeten f\u00fcr den Fall, dass die Meditation wegen Abwesenheit ausfallen muss.<br \/>\n<a href=\"http:\/\/www.teeweg.de\/blog\/kontaktformular\/\">Kontakt und Anfrage<\/a><\/p>\n<div class=\"thanks_button_div\" \n                  style=\"float: left; margin-left: 0px;\"><div id=\"thanksButtonDiv_3432_1\" style=\"background-image:url(http:\/\/www.teeweg.de\/blog\/wp-content\/plugins\/thanks-you-counter-button\/images\/thanks_large_blue.png); background-repeat:no-repeat; float: left; display: inline;\"\n                onmouseover=\"javascript:thankYouChangeButtonImage('thanksButtonDiv_3432_1', true);\" \n                onmouseout=\"javascript:thankYouChangeButtonImage('thanksButtonDiv_3432_1', false);\"\n                onclick=\"javascript:thankYouChangeButtonImage('thanksButtonDiv_3432_1', false);\" >\n                <input type=\"button\" onclick=\"thankYouButtonClick(3432, 'You left &ldquo;Thanks&rdquo; already for this post')\" value=\"Danke 11\"\n                  class=\"thanks_button thanks_large thanks_blue\"\n                  style=\"  font-family: Verdana, Arial, Sans-Serif; font-size: 14px; font-weight: normal;; color:#39b778;\"\n                  id=\"thanksButton_3432_1\" title=\"Click to leave &ldquo;Thanks&rdquo; for this post\"\/>\n             <\/div><div id=\"ajax_loader_3432_1\" style=\"display:inline;visibility: hidden;\"><img decoding=\"async\" alt=\"ajax loader\" src=\"http:\/\/www.teeweg.de\/blog\/wp-content\/plugins\/thanks-you-counter-button\/images\/ajax-loader.gif\" \/><\/div><\/div><div id=\"wp_fb_like_button\" style=\"margin:5px 5px 5px 0;float:left;height:100px;\"><script src=\"http:\/\/connect.facebook.net\/en_US\/all.js#xfbml=1\"><\/script><fb:like href=\"https:\/\/www.teeweg.de\/blog\/veranstaltungen-uebersicht\/\" send=\"false\" layout=\"standard\" width=\"450\" show_faces=\"false\" font=\"arial\" action=\"like\" colorscheme=\"light\"><\/fb:like><\/div>","protected":false},"excerpt":{"rendered":"<p>Aktuelle Veranstaltungen: \u00dcbericht Teeweg \u23aa Zen Shakuhachi \u23aa Zen-Meditation \u23aa Philosophie \/ Literatur \u23aa Benediktushof \u23aa Konzerte \u23aa Reisen \u23aaAusstellungen \u23aa G\u00e4ste \u23aa nach oben \u23aa Kalender \u23aa home Teeweg \/ Shakuhachi \/ Meditation Teeweg Unterricht oder Vorf\u00fchrungen nach Absprache &hellip; <a href=\"https:\/\/www.teeweg.de\/blog\/veranstaltungen-uebersicht\/\">Weiterlesen <span class=\"meta-nav\">&rarr;<\/span><\/a><\/p>\n","protected":false},"author":278,"featured_media":0,"comment_status":"open","ping_status":"open","sticky":false,"template":"","format":"standard","meta":{"_bbp_topic_count":0,"_bbp_reply_count":0,"_bbp_total_topic_count":0,"_bbp_total_reply_count":0,"_bbp_voice_count":0,"_bbp_anonymous_reply_count":0,"_bbp_topic_count_hidden":0,"_bbp_reply_count_hidden":0,"_bbp_forum_subforum_count":0,"ngg_post_thumbnail":0,"footnotes":""},"categories":[1],"tags":[],"class_list":["post-3432","post","type-post","status-publish","format-standard","hentry","category-allgemein"],"aioseo_notices":[],"_links":{"self":[{"href":"https:\/\/www.teeweg.de\/blog\/wp-json\/wp\/v2\/posts\/3432","targetHints":{"allow":["GET"]}}],"collection":[{"href":"https:\/\/www.teeweg.de\/blog\/wp-json\/wp\/v2\/posts"}],"about":[{"href":"https:\/\/www.teeweg.de\/blog\/wp-json\/wp\/v2\/types\/post"}],"author":[{"embeddable":true,"href":"https:\/\/www.teeweg.de\/blog\/wp-json\/wp\/v2\/users\/278"}],"replies":[{"embeddable":true,"href":"https:\/\/www.teeweg.de\/blog\/wp-json\/wp\/v2\/comments?post=3432"}],"version-history":[{"count":31,"href":"https:\/\/www.teeweg.de\/blog\/wp-json\/wp\/v2\/posts\/3432\/revisions"}],"predecessor-version":[{"id":3682,"href":"https:\/\/www.teeweg.de\/blog\/wp-json\/wp\/v2\/posts\/3432\/revisions\/3682"}],"wp:attachment":[{"href":"https:\/\/www.teeweg.de\/blog\/wp-json\/wp\/v2\/media?parent=3432"}],"wp:term":[{"taxonomy":"category","embeddable":true,"href":"https:\/\/www.teeweg.de\/blog\/wp-json\/wp\/v2\/categories?post=3432"},{"taxonomy":"post_tag","embeddable":true,"href":"https:\/\/www.teeweg.de\/blog\/wp-json\/wp\/v2\/tags?post=3432"}],"curies":[{"name":"wp","href":"https:\/\/api.w.org\/{rel}","templated":true}]}}