{"id":2497,"date":"2014-09-17T08:27:19","date_gmt":"2014-09-17T07:27:19","guid":{"rendered":"http:\/\/www.teeweg.de\/blog\/?p=2497"},"modified":"2014-09-17T08:30:18","modified_gmt":"2014-09-17T07:30:18","slug":"die-mysterien-von-eleusis","status":"publish","type":"post","link":"https:\/\/www.teeweg.de\/blog\/die-mysterien-von-eleusis\/","title":{"rendered":"Die Mysterien von Eleusis"},"content":{"rendered":"<p>In der n\u00e4chsten Woche werde ich f\u00fcr die Naturhistorische Gesellschaft N\u00fcrnberg im N\u00fcrnberger Katharinensaal einen Vortrag \u00fcber die Mysterien von Eleusis halten.<br \/>\n<div id=\"attachment_2505\" style=\"width: 410px\" class=\"wp-caption aligncenter\"><a href=\"http:\/\/www.teeweg.de\/blog\/wp-content\/uploads\/2014\/09\/Demeter-triptolemos-persophone_kl.jpg\"><img loading=\"lazy\" decoding=\"async\" aria-describedby=\"caption-attachment-2505\" src=\"http:\/\/www.teeweg.de\/blog\/wp-content\/uploads\/2014\/09\/Demeter-triptolemos-persophone_kl.jpg\" alt=\"Demeter_Trioptolemos und Persephone\" width=\"400\" height=\"578\" class=\"size-full wp-image-2505\" srcset=\"https:\/\/www.teeweg.de\/blog\/wp-content\/uploads\/2014\/09\/Demeter-triptolemos-persophone_kl.jpg 400w, https:\/\/www.teeweg.de\/blog\/wp-content\/uploads\/2014\/09\/Demeter-triptolemos-persophone_kl-207x300.jpg 207w\" sizes=\"auto, (max-width: 400px) 100vw, 400px\" \/><\/a><p id=\"caption-attachment-2505\" class=\"wp-caption-text\">Demeter Trioptolemos und Persephone<\/p><\/div><br \/>\nNanu, wie kommt ein Teemeister, der gerade eben erst ein Konzert mit der japanischen Zen &#8211; Shakuhachi gespielt hat dazu, \u00fcber griechische Mythen zu sprechen? Aber Martin Heidegger hat einmal geschrieben: Herkunft ist Zukunft. Tats\u00e4chlich habe ich mich fr\u00fcher intensiv mit dem griechischen Mythos befasst und die Mysterienkulte von Eleusis waren lange Jahre ein wichtiges Thema f\u00fcr mich. So ist es nur eine R\u00fcckkehr zu den Anf\u00e4ngen, auch zu den Anf\u00e4ngen unserer abendl\u00e4ndischen Kultur. Nicht nur, weil es da eine Lebensmittelmarke Namens &#8222;Demeter&#8220; gibt.<br \/>\nDenn sp\u00e4testens seit der Goethe-Zeit ist das griechische Erbe nicht aus unserer Kultur weg zu denken. Das Ideal des &#8222;Humanismus&#8220; ist am Studium der Griechen geformt, unser philosophisches Denken ist Griechisch. Erst heute beginnen wir, ein Gespr\u00e4ch mit dem fernen Osten. Aber das kann nur gelingen, wenn wir unsere eigenen Wurzeln kennen und verstanden haben. <\/p>\n<p>In den eleusinischen Mysterien ging es um das Geheimnis von Leben und Tod und um die \u00dcberwindung der Angst vor dem Tod. Wer eingeweiht worden war, so das Versprechen, konnte auch im Reich der Toten ein leichteres Herz bewahren als die nicht Eingeweihten. Ein antiker Dichter schrieb:<\/p>\n<blockquote><p>Fahre nach Attika hin und schaue die N\u00e4chte der gro\u00dfen Demeter, wenn sie heilig die Weihen begehen:<br \/>\nWeihen, die hier schon im Leben dir l\u00f6sen die Sorgen und sp\u00e4ter<br \/>\nAuch im verstorbenen Volk leichter dir machen das Herz.\n<\/p><\/blockquote>\n<p>Alle sind eingeladen, mit nach Eleusis zu kommen, wenigsten in Gedanken und Bildern.<br \/>\nDer Vortrag findet statt im Katharinensaal in N\u00fcrnberg am  Mittwoch, 24.9. &#8211; 19.30 Uhr<br \/>\n<a Href=\"https:\/\/maps.google.de\/maps?espv=2&#038;bav=on.2,or.r_cp.r_qf.&#038;bvm=bv.75558745,d.ZWU,pv.xjs.s.de.faW34WREimk.O&#038;ion=1&#038;biw=1880&#038;bih=963&#038;um=1&#038;ie=UTF-8&#038;fb=1&#038;gl=de&#038;cid=13524391806882432635&#038;q=Katharinensaal&#038;sa=X&#038;ei=NTcZVN7BJNDmaJiTgcAI&#038;ved=0CJ0BEPwSMAs\" target=\"_top\">Der Katharinensaal<\/a><\/p>\n<p>Ach ja, die Wanderreise nach Griechenland im Oktober mit der NHG, bei der wir auch Eleusis und andere Mystereinorte in Arkadien besuchen werden ist ausgebucht!<\/p>\n<div class=\"thanks_button_div\" \n                  style=\"float: left; margin-left: 0px;\"><div id=\"thanksButtonDiv_2497_1\" style=\"background-image:url(http:\/\/www.teeweg.de\/blog\/wp-content\/plugins\/thanks-you-counter-button\/images\/thanks_large_blue.png); background-repeat:no-repeat; float: left; display: inline;\"\n                onmouseover=\"javascript:thankYouChangeButtonImage('thanksButtonDiv_2497_1', true);\" \n                onmouseout=\"javascript:thankYouChangeButtonImage('thanksButtonDiv_2497_1', false);\"\n                onclick=\"javascript:thankYouChangeButtonImage('thanksButtonDiv_2497_1', false);\" >\n                <input type=\"button\" onclick=\"thankYouButtonClick(2497, 'You left &ldquo;Thanks&rdquo; already for this post')\" value=\"Danke 54\"\n                  class=\"thanks_button thanks_large thanks_blue\"\n                  style=\"  font-family: Verdana, Arial, Sans-Serif; font-size: 14px; font-weight: normal;; color:#39b778;\"\n                  id=\"thanksButton_2497_1\" title=\"Click to leave &ldquo;Thanks&rdquo; for this post\"\/>\n             <\/div><div id=\"ajax_loader_2497_1\" style=\"display:inline;visibility: hidden;\"><img decoding=\"async\" alt=\"ajax loader\" src=\"http:\/\/www.teeweg.de\/blog\/wp-content\/plugins\/thanks-you-counter-button\/images\/ajax-loader.gif\" \/><\/div><\/div><div id=\"wp_fb_like_button\" style=\"margin:5px 5px 5px 0;float:left;height:100px;\"><script src=\"http:\/\/connect.facebook.net\/en_US\/all.js#xfbml=1\"><\/script><fb:like href=\"https:\/\/www.teeweg.de\/blog\/die-mysterien-von-eleusis\/\" send=\"false\" layout=\"standard\" width=\"450\" show_faces=\"false\" font=\"arial\" action=\"like\" colorscheme=\"light\"><\/fb:like><\/div>","protected":false},"excerpt":{"rendered":"<p>In der n\u00e4chsten Woche werde ich f\u00fcr die Naturhistorische Gesellschaft N\u00fcrnberg im N\u00fcrnberger Katharinensaal einen Vortrag \u00fcber die Mysterien von Eleusis halten. Nanu, wie kommt ein Teemeister, der gerade eben erst ein Konzert mit der japanischen Zen &#8211; Shakuhachi gespielt &hellip; <a href=\"https:\/\/www.teeweg.de\/blog\/die-mysterien-von-eleusis\/\">Weiterlesen <span class=\"meta-nav\">&rarr;<\/span><\/a><\/p>\n","protected":false},"author":278,"featured_media":0,"comment_status":"open","ping_status":"open","sticky":false,"template":"","format":"standard","meta":{"_bbp_topic_count":0,"_bbp_reply_count":0,"_bbp_total_topic_count":0,"_bbp_total_reply_count":0,"_bbp_voice_count":0,"_bbp_anonymous_reply_count":0,"_bbp_topic_count_hidden":0,"_bbp_reply_count_hidden":0,"_bbp_forum_subforum_count":0,"ngg_post_thumbnail":0,"footnotes":""},"categories":[1,6,20],"tags":[],"class_list":["post-2497","post","type-post","status-publish","format-standard","hentry","category-allgemein","category-dichtung-und-philosophie","category-griechenland"],"aioseo_notices":[],"_links":{"self":[{"href":"https:\/\/www.teeweg.de\/blog\/wp-json\/wp\/v2\/posts\/2497","targetHints":{"allow":["GET"]}}],"collection":[{"href":"https:\/\/www.teeweg.de\/blog\/wp-json\/wp\/v2\/posts"}],"about":[{"href":"https:\/\/www.teeweg.de\/blog\/wp-json\/wp\/v2\/types\/post"}],"author":[{"embeddable":true,"href":"https:\/\/www.teeweg.de\/blog\/wp-json\/wp\/v2\/users\/278"}],"replies":[{"embeddable":true,"href":"https:\/\/www.teeweg.de\/blog\/wp-json\/wp\/v2\/comments?post=2497"}],"version-history":[{"count":0,"href":"https:\/\/www.teeweg.de\/blog\/wp-json\/wp\/v2\/posts\/2497\/revisions"}],"wp:attachment":[{"href":"https:\/\/www.teeweg.de\/blog\/wp-json\/wp\/v2\/media?parent=2497"}],"wp:term":[{"taxonomy":"category","embeddable":true,"href":"https:\/\/www.teeweg.de\/blog\/wp-json\/wp\/v2\/categories?post=2497"},{"taxonomy":"post_tag","embeddable":true,"href":"https:\/\/www.teeweg.de\/blog\/wp-json\/wp\/v2\/tags?post=2497"}],"curies":[{"name":"wp","href":"https:\/\/api.w.org\/{rel}","templated":true}]}}