{"id":2341,"date":"2014-08-17T10:46:27","date_gmt":"2014-08-17T09:46:27","guid":{"rendered":"http:\/\/www.teeweg.de\/blog\/?p=2341"},"modified":"2016-02-10T11:27:51","modified_gmt":"2016-02-10T10:27:51","slug":"lied-unter-dem-septembermond","status":"publish","type":"post","link":"https:\/\/www.teeweg.de\/blog\/lied-unter-dem-septembermond\/","title":{"rendered":"Einladung zum Konzert und zur Er\u00f6ffnung der Halle"},"content":{"rendered":"<p>\t<strong>Lied unter dem Septembermond<\/strong><br \/>\nHier im My\u014dshinan warten wir voller Spannung auf den Septembermond, denn dann werden wir unsere neue Meditations- und Veranstaltungshalle feierlich er\u00f6ffnen.<br \/>\nAm Samstag, den 6. September &#8211; ein klein wenig zu fr\u00fch f\u00fcr den Septembervollmond am 9. September &#8211; er\u00f6ffnen wir die Halle mit einer Feier und einem Konzert: `Lied unter dem Septembermond`. In Anlehnung an ein Haiku von Bash\u014d habe ich dazu ein kleines Haiku verfasst. Bash\u014d hatte den Mangetsuji, den Tempel des vollen Mondes am Biwasee besucht. Dort gibt es eine \u201aschwimmende Halle\u2018, den Ukimido, von der aus man den Mond betrachten konnte, wie er sich im Wasser spiegelte. Im Namen der Halle liegt ein witziges Wortspiel. Ukimi hei\u00dft \u201aschwimmend\u2018, das Betrachten des Mondes ist Tsuki-mi.<\/p>\n<p>kagi akete | tsuki sashiire yo | Ukimido<br \/>\n\u00f6ffne den Riegel \/ lass das Mondlicht hinein in \/ den Ukimid\u014d<\/p>\n<p>Das Haiku f\u00fcr das Konzert unter dem Septembermond:<\/p>\n<p>Offene T\u00fcren.<br \/>\nDas Mondlicht strahlt hell hinein<br \/>\nSegnet die Menschen.<\/p>\n<p>Rainer Rabus, ein Musiker, der hier im Dorf ein paar H\u00e4user weiter lebt, spielt japanische Trommeln, Klangschalen, Gongs und andere Instrumente, ich werde auf der Shakuhachi spielen. Gemeinsam mit dem Publikum werden wir auch einige Rezitationen machen und auch das Sitzen in Stille genie\u00dfen. Wir werden um ein Dana ab 10 \u20ac bitten. Damit wird dann der weitere Ausbau der Halle finanziert.<\/p>\n<div id=\"attachment_2368\" style=\"width: 410px\" class=\"wp-caption alignleft\"><a href=\"http:\/\/www.teeweg.de\/blog\/wp-content\/uploads\/2014\/08\/mit-kakejiku_bearbeitet-1.jpg\"><img loading=\"lazy\" decoding=\"async\" aria-describedby=\"caption-attachment-2368\" class=\"size-full wp-image-2368\" src=\"http:\/\/www.teeweg.de\/blog\/wp-content\/uploads\/2014\/08\/mit-kakejiku_bearbeitet-1.jpg\" alt=\"instrumente\" width=\"400\" height=\"287\" srcset=\"https:\/\/www.teeweg.de\/blog\/wp-content\/uploads\/2014\/08\/mit-kakejiku_bearbeitet-1.jpg 400w, https:\/\/www.teeweg.de\/blog\/wp-content\/uploads\/2014\/08\/mit-kakejiku_bearbeitet-1-300x215.jpg 300w\" sizes=\"auto, (max-width: 400px) 100vw, 400px\" \/><\/a><p id=\"caption-attachment-2368\" class=\"wp-caption-text\">Trommeln und Shakuhachi<\/p><\/div>\n<p>Es war schon sehr viel Arbeit in den letzten Wochen. Das Schwimmbadbecken wurde mit einem Bretterboden geschlossen, die blinden Fenster wurden mit Shoji verkleidet, die W\u00e4nde werden in den n\u00e4chsten Tagen mit einem Lehmputz versehen, die Wasserleitung f\u00fcr die Toilette und die Dusche muss noch angeschlossen werden und und und &#8230;<br \/>\nAber wir nutzen die Halle schon regelm\u00e4\u00dfig f\u00fcr unsere Meditationen. Im Teeraum war es schon recht beengt. Hier k\u00f6nnen wir jetzt Kinhin, die Meditation im Gehen \u00fcben. Der Blick aus den ge\u00f6ffneten Shoji auf die Landschaft ist atemberaubend. Aber bei der Meditation schaut man ja eh nicht nach au\u00dfen. Daf\u00fcr wird sich die Landschaft aber am Konzertabend hoffentlich in voller Sch\u00f6nheit zeigen. Einlass ab 17.00 Uhr. Konzertbeginn 19.00 Uhr.<\/p>\n<p>Am <strong>Sonntag, den 7. September<\/strong> ist dann hier ab 14.00 Uhr ein Tag der offenen T\u00fcr. Jeder kann kommen, bei unterschiedlichen Vorf\u00fchrungen wie Schwertkampf, einem Taiko Workshop oder bei der Teezeremonie mitmachen. Dazu wird es dann leckeres japanisches Essen geben. Ein Dana ist selbstverst\u00e4ndlich willkommen, denn das Ganze muss ja finanziert werden.<\/p>\n<p><strong>Termin:<\/strong><\/p>\n<p><strong>Konzert: Samstag 6. September,<\/strong> Einlass ab 18.00 Uhr<br \/>\nGetr\u00e4nke werden gereicht, Besichtigung der R\u00e4umlichkeiten und es Gartens<\/p>\n<p>Feierliche Teezeremonie ab 18.30 Uhr<br \/>\nKonzertbeginn gegen 19.00<\/p>\n<p>Bitte m\u00f6glichst Sitzkissen und Decken mitbringen. Es gibt nur eine beschr\u00e4nkte Anzahl von St\u00fchlen.<\/p>\n<p><strong>Er\u00f6ffnungsfeier:<br \/>\nSonntag 7. September<\/strong>, Einlass ab 14.00 Uhr<br \/>\nEs gibt ein wechselndes buntes Programm (Teezeremonie, Musik, Schwertweg, etc.)<br \/>\nG\u00e4ste, die gern selbst etwas vorf\u00fchren m\u00f6chten (Tai Chi oder Musik oder ganz nach Belieben) sind herzlich eingeladen. Bitte vorher Bescheid geben, welche Vorf\u00fchrungen geplant sind.<\/p>\n<p>Japanisches Essen und Getr\u00e4nke werden hier vorbereitet.<\/p>\n<p>G\u00e4ste von au\u00dferhalb k\u00f6nnen mit Schlafsack in der Halle \u00fcbernachten.<br \/>\nToilette ist vorhanden.<br \/>\nNat\u00fcrlich ist der Veranstaltungsort das<br \/>\nMyoshinan Chadojo<br \/>\nAm Rosenberg 5<br \/>\n91338 Igensdorf \/ Oberr\u00fcsselbach<\/p>\n<p>Mein Dank an alle, die mitgeholfen haben und noch werden, zum Beispiel:<br \/>\nAnica, Christina, Dustin, Florian, Horst, Jasmin, J\u00f6rg, Klaus, Lisa, Michael &amp; Michael, Patricia, Rainer, Rike, Susanne, Ulrike, Winfried &#8230;.<\/p>\n<p>Besonders gefreut habe ich mich \u00fcber ein <a href=\"http:\/\/teeweg.de\/impressum\/dana.php\" title=\"Dana\" target=\"_blank\">Dana<\/a> aus China, aus Kanada und aus M\u00fcnchen und anderen Orten in Deutschland.<\/p>\n<p>&nbsp;<br \/>\n[facebook_ilike]<\/p>\n<div class=\"thanks_button_div\" \n                  style=\"float: left; margin-left: 0px;\"><div id=\"thanksButtonDiv_2341_1\" style=\"background-image:url(http:\/\/www.teeweg.de\/blog\/wp-content\/plugins\/thanks-you-counter-button\/images\/thanks_large_blue.png); background-repeat:no-repeat; float: left; display: inline;\"\n                onmouseover=\"javascript:thankYouChangeButtonImage('thanksButtonDiv_2341_1', true);\" \n                onmouseout=\"javascript:thankYouChangeButtonImage('thanksButtonDiv_2341_1', false);\"\n                onclick=\"javascript:thankYouChangeButtonImage('thanksButtonDiv_2341_1', false);\" >\n                <input type=\"button\" onclick=\"thankYouButtonClick(2341, 'You left &ldquo;Thanks&rdquo; already for this post')\" value=\"Danke 13\"\n                  class=\"thanks_button thanks_large thanks_blue\"\n                  style=\"  font-family: Verdana, Arial, Sans-Serif; font-size: 14px; font-weight: normal;; color:#39b778;\"\n                  id=\"thanksButton_2341_1\" title=\"Click to leave &ldquo;Thanks&rdquo; for this post\"\/>\n             <\/div><div id=\"ajax_loader_2341_1\" style=\"display:inline;visibility: hidden;\"><img decoding=\"async\" alt=\"ajax loader\" src=\"http:\/\/www.teeweg.de\/blog\/wp-content\/plugins\/thanks-you-counter-button\/images\/ajax-loader.gif\" \/><\/div><\/div><div id=\"wp_fb_like_button\" style=\"margin:5px 5px 5px 0;float:left;height:100px;\"><script src=\"http:\/\/connect.facebook.net\/en_US\/all.js#xfbml=1\"><\/script><fb:like href=\"https:\/\/www.teeweg.de\/blog\/lied-unter-dem-septembermond\/\" send=\"false\" layout=\"standard\" width=\"450\" show_faces=\"false\" font=\"arial\" action=\"like\" colorscheme=\"light\"><\/fb:like><\/div>","protected":false},"excerpt":{"rendered":"<p>Lied unter dem Septembermond Hier im My\u014dshinan warten wir voller Spannung auf den Septembermond, denn dann werden wir unsere neue Meditations- und Veranstaltungshalle feierlich er\u00f6ffnen. Am Samstag, den 6. September &#8211; ein klein wenig zu fr\u00fch f\u00fcr den Septembervollmond am &hellip; <a href=\"https:\/\/www.teeweg.de\/blog\/lied-unter-dem-septembermond\/\">Weiterlesen <span class=\"meta-nav\">&rarr;<\/span><\/a><\/p>\n","protected":false},"author":278,"featured_media":0,"comment_status":"open","ping_status":"open","sticky":false,"template":"","format":"standard","meta":{"_bbp_topic_count":0,"_bbp_reply_count":0,"_bbp_total_topic_count":0,"_bbp_total_reply_count":0,"_bbp_voice_count":0,"_bbp_anonymous_reply_count":0,"_bbp_topic_count_hidden":0,"_bbp_reply_count_hidden":0,"_bbp_forum_subforum_count":0,"ngg_post_thumbnail":0,"footnotes":""},"categories":[1,15,67,40],"tags":[],"class_list":["post-2341","post","type-post","status-publish","format-standard","hentry","category-allgemein","category-basho-und-haiku","category-konzerte","category-musik"],"aioseo_notices":[],"_links":{"self":[{"href":"https:\/\/www.teeweg.de\/blog\/wp-json\/wp\/v2\/posts\/2341","targetHints":{"allow":["GET"]}}],"collection":[{"href":"https:\/\/www.teeweg.de\/blog\/wp-json\/wp\/v2\/posts"}],"about":[{"href":"https:\/\/www.teeweg.de\/blog\/wp-json\/wp\/v2\/types\/post"}],"author":[{"embeddable":true,"href":"https:\/\/www.teeweg.de\/blog\/wp-json\/wp\/v2\/users\/278"}],"replies":[{"embeddable":true,"href":"https:\/\/www.teeweg.de\/blog\/wp-json\/wp\/v2\/comments?post=2341"}],"version-history":[{"count":0,"href":"https:\/\/www.teeweg.de\/blog\/wp-json\/wp\/v2\/posts\/2341\/revisions"}],"wp:attachment":[{"href":"https:\/\/www.teeweg.de\/blog\/wp-json\/wp\/v2\/media?parent=2341"}],"wp:term":[{"taxonomy":"category","embeddable":true,"href":"https:\/\/www.teeweg.de\/blog\/wp-json\/wp\/v2\/categories?post=2341"},{"taxonomy":"post_tag","embeddable":true,"href":"https:\/\/www.teeweg.de\/blog\/wp-json\/wp\/v2\/tags?post=2341"}],"curies":[{"name":"wp","href":"https:\/\/api.w.org\/{rel}","templated":true}]}}