{"id":1404,"date":"2012-07-09T18:36:08","date_gmt":"2012-07-09T17:36:08","guid":{"rendered":"http:\/\/www.teeweg.de\/blog\/?p=1404"},"modified":"2016-03-06T14:52:08","modified_gmt":"2016-03-06T13:52:08","slug":"wenn-der-schwarze-drache-trommelt","status":"publish","type":"post","link":"https:\/\/www.teeweg.de\/blog\/wenn-der-schwarze-drache-trommelt\/","title":{"rendered":"Wenn der schwarze Drache trommelt &#8211; &#8230;"},"content":{"rendered":"<p>Gestern war die Er\u00f6ffnung der Drachenausstellung in der Norishalle N\u00fcrnberg.<\/p>\n<p>Es waren \u00fcberraschend viele G\u00e4ste gekommen und das Wetter schien gut zu bleiben, zumal die Trommelgruppe Koku-Ryu Wadaiko draussen im Innenhof unter freiem Himmel spielen sollte.<\/p>\n<p lang=\"de-DE\">Mari Ohara aus Japan stellte die Truppe vor. Fr\u00fcher wurden die Trommeln unter anderem geschlagen, um bei D\u00fcrre Regen zu erbitten. So hie\u00df denn auch eines der St\u00fccke: &#8222;Shinotsuku Ame&#8220; &#8211; Str\u00f6mender Regen. Wir sind ja nicht mehr abergl\u00e4ubische und mit Trommeln Regen machen? &#8211; Niemals, jedenfalls nicht in unserer aufgekl\u00e4rten Zeit. Aber was soll ich sagen: Kaum schwiegen die Trommeln, als sich auch schon dichte Wolken zusammen zogen und wir fluchtartig vor dem pl\u00f6tzlichen Regn ins Trockene fl\u00fcchten m\u00fcssen. Also scheint doch ein ganzes St\u00fcck Wahrheit in den alten Geschichten geborgen zu sein.<\/p>\n<p>Als Stellvertreter von OB Maly\u00a0 war der aus Griechenland stammende Stadtrat Theodoros Agathagelidis gekommen. Auf dem Heimweg erz\u00e4hlte er einer Teilnehmerin der Er\u00f6ffnungsveranstaltung von den Drachen in Griechenland. Da wollte ich aber schon mehr von ihm wissen. Heute fr\u00fch habe ich ihn angerufen, weil ich dachte, er h\u00e4tte \u00fcber Drachen im neugriechischen Volkstum gesprochen. Aber Herr Agathagelidis ist klassisch gebildet. Er hatte von den Drachen im Mythos erz\u00e4hlt. Da kenne ich mich ja dann doch sehr gut aus, denn ich habe in einem fr\u00fcheren Leben jahrelang \u00fcber den griechischen Mythos geforscht. Ich hoffe, es wird noch eine Reihe von guten Gespr\u00e4chen mit ihm \u00fcber die Drachen in Griechenland geben. Aber dann muss ich wohl doch das Kapitel \u00fcber die abendl\u00e4ndischen Drachen erheblich erweitern. <\/p>\n<p>Zum Beispiel wird zu erz\u00e4hlen sein, wie der Drache Ladon die goldenen \u00c4pfel am Baum der Hera im Garten der Hesperiden besch\u00fctzt. Eigentlich ein guter Drache!<br \/>\nOder ist er nicht etwa doch mit der Drachenschlange verwand, die Adams zweiter Frau Eva den Apfel gibt? Adams zweiter Frau? Ja, da sind schon noch eine ganze Menge von \u00dcberraschungen zu erwarten!<\/p>\n<p>Schon wieder wird das Buch noch dicker werden!<\/p>\n<div class=\"thanks_button_div\" \n                  style=\"float: left; margin-left: 0px;\"><div id=\"thanksButtonDiv_1404_1\" style=\"background-image:url(http:\/\/www.teeweg.de\/blog\/wp-content\/plugins\/thanks-you-counter-button\/images\/thanks_large_blue.png); background-repeat:no-repeat; float: left; display: inline;\"\n                onmouseover=\"javascript:thankYouChangeButtonImage('thanksButtonDiv_1404_1', true);\" \n                onmouseout=\"javascript:thankYouChangeButtonImage('thanksButtonDiv_1404_1', false);\"\n                onclick=\"javascript:thankYouChangeButtonImage('thanksButtonDiv_1404_1', false);\" >\n                <input type=\"button\" onclick=\"thankYouButtonClick(1404, 'You left &ldquo;Thanks&rdquo; already for this post')\" value=\"Danke 2\"\n                  class=\"thanks_button thanks_large thanks_blue\"\n                  style=\"  font-family: Verdana, Arial, Sans-Serif; font-size: 14px; font-weight: normal;; color:#39b778;\"\n                  id=\"thanksButton_1404_1\" title=\"Click to leave &ldquo;Thanks&rdquo; for this post\"\/>\n             <\/div><div id=\"ajax_loader_1404_1\" style=\"display:inline;visibility: hidden;\"><img decoding=\"async\" alt=\"ajax loader\" src=\"http:\/\/www.teeweg.de\/blog\/wp-content\/plugins\/thanks-you-counter-button\/images\/ajax-loader.gif\" \/><\/div><\/div><div id=\"wp_fb_like_button\" style=\"margin:5px 5px 5px 0;float:left;height:100px;\"><script src=\"http:\/\/connect.facebook.net\/en_US\/all.js#xfbml=1\"><\/script><fb:like href=\"https:\/\/www.teeweg.de\/blog\/wenn-der-schwarze-drache-trommelt\/\" send=\"false\" layout=\"standard\" width=\"450\" show_faces=\"false\" font=\"arial\" action=\"like\" colorscheme=\"light\"><\/fb:like><\/div>","protected":false},"excerpt":{"rendered":"<p>Gestern war die Er\u00f6ffnung der Drachenausstellung in der Norishalle N\u00fcrnberg. Es waren \u00fcberraschend viele G\u00e4ste gekommen und das Wetter schien gut zu bleiben, zumal die Trommelgruppe Koku-Ryu Wadaiko draussen im Innenhof unter freiem Himmel spielen sollte. Mari Ohara aus Japan &hellip; <a href=\"https:\/\/www.teeweg.de\/blog\/wenn-der-schwarze-drache-trommelt\/\">Weiterlesen <span class=\"meta-nav\">&rarr;<\/span><\/a><\/p>\n","protected":false},"author":278,"featured_media":0,"comment_status":"open","ping_status":"open","sticky":false,"template":"","format":"standard","meta":{"_bbp_topic_count":0,"_bbp_reply_count":0,"_bbp_total_topic_count":0,"_bbp_total_reply_count":0,"_bbp_voice_count":0,"_bbp_anonymous_reply_count":0,"_bbp_topic_count_hidden":0,"_bbp_reply_count_hidden":0,"_bbp_forum_subforum_count":0,"ngg_post_thumbnail":0,"footnotes":""},"categories":[1,31,67,40],"tags":[],"class_list":["post-1404","post","type-post","status-publish","format-standard","hentry","category-allgemein","category-drachen","category-konzerte","category-musik"],"aioseo_notices":[],"_links":{"self":[{"href":"https:\/\/www.teeweg.de\/blog\/wp-json\/wp\/v2\/posts\/1404","targetHints":{"allow":["GET"]}}],"collection":[{"href":"https:\/\/www.teeweg.de\/blog\/wp-json\/wp\/v2\/posts"}],"about":[{"href":"https:\/\/www.teeweg.de\/blog\/wp-json\/wp\/v2\/types\/post"}],"author":[{"embeddable":true,"href":"https:\/\/www.teeweg.de\/blog\/wp-json\/wp\/v2\/users\/278"}],"replies":[{"embeddable":true,"href":"https:\/\/www.teeweg.de\/blog\/wp-json\/wp\/v2\/comments?post=1404"}],"version-history":[{"count":1,"href":"https:\/\/www.teeweg.de\/blog\/wp-json\/wp\/v2\/posts\/1404\/revisions"}],"predecessor-version":[{"id":3092,"href":"https:\/\/www.teeweg.de\/blog\/wp-json\/wp\/v2\/posts\/1404\/revisions\/3092"}],"wp:attachment":[{"href":"https:\/\/www.teeweg.de\/blog\/wp-json\/wp\/v2\/media?parent=1404"}],"wp:term":[{"taxonomy":"category","embeddable":true,"href":"https:\/\/www.teeweg.de\/blog\/wp-json\/wp\/v2\/categories?post=1404"},{"taxonomy":"post_tag","embeddable":true,"href":"https:\/\/www.teeweg.de\/blog\/wp-json\/wp\/v2\/tags?post=1404"}],"curies":[{"name":"wp","href":"https:\/\/api.w.org\/{rel}","templated":true}]}}