{"id":112,"date":"2010-01-07T17:44:15","date_gmt":"2010-01-07T16:44:15","guid":{"rendered":"http:\/\/www.teeweg.de\/blog\/?p=112"},"modified":"2016-01-12T16:24:21","modified_gmt":"2016-01-12T15:24:21","slug":"das-alte-und-das-neue-jahr","status":"publish","type":"post","link":"https:\/\/www.teeweg.de\/blog\/das-alte-und-das-neue-jahr\/","title":{"rendered":"Das Alte und das Neue Jahr."},"content":{"rendered":"<p>Am Jahresende fiebert jeder dem neuen Jahr entgegen. Was wird es bringen, wird sich alles wenden?<\/p>\n<p>Nun haben wir schon wieder ein neues Jahr. Das Jahr des schwer arbeitenden und bed\u00e4chtigen Ochsen ist im Schwinden und der dynamische Tiger lauert schon vor der T\u00fcr. Alles wird besser werden, nicht bleibt so, wie es war!<br \/>\nWirklich?<\/p>\n<p>Was ist eigentlich ein neues Jahr? Liegt das Datum des 1. Januar irgend ein Ereignis in der Natur zu Grunde? Fr\u00fcher war der Jahreswechsel ohnehin erst Mitte Januar oder dann am 6. Januar. Oder auch schon mal an Weihnachten, wie es die Kirche fr\u00fcher gesehen hat. Erst der Gregorianische Kalender hat ein einheitliches Datum f\u00fcr das Neue Jahr gebracht.<\/p>\n<p>W\u00fcrden wir nach dem reinen Sonnenkalender gehen, so m\u00fcsste der Jahreswechsel sinnvollerweise im letzten Jahr am 21. Dezember um 18:47 MEZ gewesen sein, denn das ist der Zeitpunkt der Wintersonnwende. Von da ab werden die Tage wieder l\u00e4nger und die N\u00e4chste k\u00fcrzer.<\/p>\n<p>In Ostasien richtet sich der Jahresanfang ohnehin nicht nach der Sonne, sondern nach dem Mond. Darum konnte es vorkommen. Aber der Fr\u00fchlingsanfang \u2013 Rishun &#8211; war dann, wenn die Sonne einen bestimmten Stand erreicht hatte.\u00a0 Es konnte also immer wieder vorkommen, dass der Fr\u00fchling noch im alten Jahr begann. So beginnt die Sammlung Kokin wakashu:<\/p>\n<blockquote><p>Im alten Jahr<br \/>\nHat der Fr\u00fchling schon begonnen \u2013<br \/>\nSoll ich dieses Jahr<br \/>\nNun letztes oder\u00a0 neues nennen?<\/p><\/blockquote>\n<p>Das Datum des Jahreswechsels ist also vollkommen willk\u00fcrlich vereinbart oder von oben herab festgelegt worden. Welche Schicksaltr\u00e4chtigkeit soll einem so gewonnenen Datum beiwohnen? Wendet sich unser Schicksal nicht jeden Tag?\u00a0 Warum brauchen wir einen ganz besonderen Tag, um \u2013 je nach Veranlagung &#8211;\u00a0 \u00fcber unser Schicksal nachzusinnen oder aber wilde Feiern zu veranstalten. Sind die wilden Feiern gar nur eine Flucht vor der Besinnung \u00fcber unser Geschick an einem Wendetag?<\/p>\n<p>Im alten Japan \u2013 und nicht nur dort \u2013 musste man zuerst die Weisen befragen, bevor man irgend etwas Entscheidendes unternahm. Prinz Genji befragt sogar das Orakel, wann ein guter Tag zum Haareschneiden f\u00fcr die kleine Murasaki ist. Haareschneiden kann man n\u00e4mlich nur an den daf\u00fcr g\u00fcnstigen Tagen.\u00a0 Manchmal war so ein Schicksalsentscheid durchaus ganz praktisch. Wenn die Richtung, in der der Palast lag, in den Genji zu seinen Pflichten eilen musste in einer ung\u00fcnstigen Richtung lag, so musste er eben eine gl\u00fccklichere Richtung w\u00e4hlen und die Nacht bei einer dort wohnenden Geliebten verbringen. Sowas br\u00e4uchten wir heute auch: \u201eChef, ich konnte heute leider nicht zur Arbeit kommen, weil die Richtung ung\u00fcnstig war!\u201c Jeder gute Chef wird da doch voll einsichtig sein!<\/p>\n<p>Inzwischen gibt es auch bei uns Mondkalender zu haben, in denen steht, wann man die Haare schneidet, wann man die Blumen gie\u00dft und den Rasen m\u00e4ht. Leider steht da meistens nicht drin \u00fcber ungl\u00fcckliche Richtungen zum B\u00fcro. Kann ja sogar sein, dass der Mond Einflu\u00df auf das Wachtsum hat. Aber auf unser Schicksal?<\/p>\n<p>Im Zen gibt es den Spruch:<\/p>\n<blockquote><p>Nichi Nichi kore kojitsu \u2013 Tag f\u00fcr Tag guter Tag!<\/p><\/blockquote>\n<p>Der chinesische Dichter und Einsiedler Hanshan hatte geschrieben:\u00a0 &#8222;Dort wo ich leben, haben die Kalender keine Monate und Tage.&#8220;<\/p>\n<blockquote><p>In dieser Welt nimmt alles seinen vorbestimmten Lauf.<br \/>\nTage und Monate verstr\u00f6men unaufhaltsam wie der Flu\u00df.<br \/>\nDie Welt zu \u00e4ndern \u00fcberla\u00df ich euch,Ich sitze stillvergn\u00fcgt zwischen den Klippen.<\/p><\/blockquote>\n<p>Das ist es: Tag f\u00fcr Tag, guter Tag.<\/p>\n<p>PS.:<\/p>\n<p>W\u00e4hrend ich das hier schreibe, habe ich enteckt, dass ich meinen Terminkalender verlegt hab. Muss den erst mal suchen, bevor ich weiter schreibe!<\/p>\n<div class=\"thanks_button_div\" \n                  style=\"float: left; margin-left: 0px;\"><div id=\"thanksButtonDiv_112_1\" style=\"background-image:url(http:\/\/www.teeweg.de\/blog\/wp-content\/plugins\/thanks-you-counter-button\/images\/thanks_large_blue.png); background-repeat:no-repeat; float: left; display: inline;\"\n                onmouseover=\"javascript:thankYouChangeButtonImage('thanksButtonDiv_112_1', true);\" \n                onmouseout=\"javascript:thankYouChangeButtonImage('thanksButtonDiv_112_1', false);\"\n                onclick=\"javascript:thankYouChangeButtonImage('thanksButtonDiv_112_1', false);\" >\n                <input type=\"button\" onclick=\"thankYouButtonClick(112, 'You left &ldquo;Thanks&rdquo; already for this post')\" value=\"Danke 0\"\n                  class=\"thanks_button thanks_large thanks_blue\"\n                  style=\"  font-family: Verdana, Arial, Sans-Serif; font-size: 14px; font-weight: normal;; color:#39b778;\"\n                  id=\"thanksButton_112_1\" title=\"Click to leave &ldquo;Thanks&rdquo; for this post\"\/>\n             <\/div><div id=\"ajax_loader_112_1\" style=\"display:inline;visibility: hidden;\"><img decoding=\"async\" alt=\"ajax loader\" src=\"http:\/\/www.teeweg.de\/blog\/wp-content\/plugins\/thanks-you-counter-button\/images\/ajax-loader.gif\" \/><\/div><\/div><div id=\"wp_fb_like_button\" style=\"margin:5px 5px 5px 0;float:left;height:100px;\"><script src=\"http:\/\/connect.facebook.net\/en_US\/all.js#xfbml=1\"><\/script><fb:like href=\"https:\/\/www.teeweg.de\/blog\/das-alte-und-das-neue-jahr\/\" send=\"false\" layout=\"standard\" width=\"450\" show_faces=\"false\" font=\"arial\" action=\"like\" colorscheme=\"light\"><\/fb:like><\/div>","protected":false},"excerpt":{"rendered":"<p>Am Jahresende fiebert jeder dem neuen Jahr entgegen. Was wird es bringen, wird sich alles wenden? Nun haben wir schon wieder ein neues Jahr. Das Jahr des schwer arbeitenden und bed\u00e4chtigen Ochsen ist im Schwinden und der dynamische Tiger lauert &hellip; <a href=\"https:\/\/www.teeweg.de\/blog\/das-alte-und-das-neue-jahr\/\">Weiterlesen <span class=\"meta-nav\">&rarr;<\/span><\/a><\/p>\n","protected":false},"author":278,"featured_media":0,"comment_status":"open","ping_status":"open","sticky":false,"template":"","format":"standard","meta":{"_bbp_topic_count":0,"_bbp_reply_count":0,"_bbp_total_topic_count":0,"_bbp_total_reply_count":0,"_bbp_voice_count":0,"_bbp_anonymous_reply_count":0,"_bbp_topic_count_hidden":0,"_bbp_reply_count_hidden":0,"_bbp_forum_subforum_count":0,"ngg_post_thumbnail":0,"footnotes":""},"categories":[1,6],"tags":[],"class_list":["post-112","post","type-post","status-publish","format-standard","hentry","category-allgemein","category-dichtung-und-philosophie"],"aioseo_notices":[],"_links":{"self":[{"href":"https:\/\/www.teeweg.de\/blog\/wp-json\/wp\/v2\/posts\/112","targetHints":{"allow":["GET"]}}],"collection":[{"href":"https:\/\/www.teeweg.de\/blog\/wp-json\/wp\/v2\/posts"}],"about":[{"href":"https:\/\/www.teeweg.de\/blog\/wp-json\/wp\/v2\/types\/post"}],"author":[{"embeddable":true,"href":"https:\/\/www.teeweg.de\/blog\/wp-json\/wp\/v2\/users\/278"}],"replies":[{"embeddable":true,"href":"https:\/\/www.teeweg.de\/blog\/wp-json\/wp\/v2\/comments?post=112"}],"version-history":[{"count":1,"href":"https:\/\/www.teeweg.de\/blog\/wp-json\/wp\/v2\/posts\/112\/revisions"}],"predecessor-version":[{"id":3055,"href":"https:\/\/www.teeweg.de\/blog\/wp-json\/wp\/v2\/posts\/112\/revisions\/3055"}],"wp:attachment":[{"href":"https:\/\/www.teeweg.de\/blog\/wp-json\/wp\/v2\/media?parent=112"}],"wp:term":[{"taxonomy":"category","embeddable":true,"href":"https:\/\/www.teeweg.de\/blog\/wp-json\/wp\/v2\/categories?post=112"},{"taxonomy":"post_tag","embeddable":true,"href":"https:\/\/www.teeweg.de\/blog\/wp-json\/wp\/v2\/tags?post=112"}],"curies":[{"name":"wp","href":"https:\/\/api.w.org\/{rel}","templated":true}]}}